{"id":2112,"date":"2022-09-25T11:56:04","date_gmt":"2022-09-25T11:56:04","guid":{"rendered":"http:\/\/lookyestilo.com\/?p=2112"},"modified":"2023-04-15T13:57:41","modified_gmt":"2023-04-15T13:57:41","slug":"deportes","status":"publish","type":"post","link":"http:\/\/lookyestilo.com\/index.php\/2022\/09\/25\/deportes\/","title":{"rendered":"TAG HEUER celebr\u00f3 el Gran Premio Miami"},"content":{"rendered":"<p>EN EL MARCO DEL PASADO MIAMI RACE WEEK, TAG HEUER ORGANIZ\u00d3 UN EVENTO PARA SELLAR SU ALIANZA CON EL EQUIPO ORACLE RED BULL RACING.<\/p>\n<p>La velocidad de la F\u00f3rmula 1 lleg\u00f3 a Miami y TAG Heuer aprovech\u00f3 la ocasi\u00f3n para organizar un evento que combin\u00f3 m\u00fasica, velocidad, arte e historia. La casa relojera suiza reuni\u00f3 a coleccionistas, celebridades, influencers y amigos de la marca en el Miami Design District Jungle Plaza, para celebrar la alianza con el equipo Oracle Red Bull Racing de F\u00f3rmula 1 en el marco del Miami Race Week. Los embajadores de TAG Heuer, el actual campe\u00f3n del mundo Max Verstappen y su compa\u00f1ero de equipo Sergio \u2018Checo\u2019 P\u00e9rez, estuvieron presentes en la cita en la que los invitados probaron un poco de la adrenalina de los deportes de motor, participando en carreras de karting.<\/p>\n<div class=\"page\" title=\"Page 26\">\n<div class=\"section\">\n<div class=\"layoutArea\">\n<div class=\"column\">\n<p>Alrededor del circuito de karting se armo\u0301 toda una fiesta con la presencia del DJ Pedro Cavaliere, quien desde una especie de puente y con una vista panora\u0301mica del circuito hizo delirar al pu\u0301blico. TAG Heuer tambie\u0301n coloco\u0301 una versio\u0301n picto\u0301rica del auto Oracle Red Bull Racing de Max Verstappen, con llamativas texturas y abstracciones de velocidad, en un mural que se convirtio\u0301 en un impresionante fondo para todos.<\/p>\n<\/div>\n<div class=\"page\" title=\"Page 27\">\n<div class=\"layoutArea\">\n<div class=\"column\">\n<p>\u201cEstamos muy contentos de celebrar la apertura del Gran Premio de Miami con un evento de TAG Heuer en el corazo\u0301n del distrito del disen\u0303o de Miami. Fue maravilloso ver a muchos de nuestros amigos y clientes disfrutar las competencias\u201d, dijo Benjami\u0301n Beaufils, presidente de TAG Heuer Norteame\u0301rica. \u201cNos sentimos orgullosos de recibir a nuestro socio Oracle Red Bull Racing Team y sus excepcionales conductores Max y Checo, quienes compartieron algunas historias inspiradoras\u201d, afirmo\u0301. Entre los asistentes VIP se encontraban Gunna, Austin Mahone, Bambi Blythe, Manuel Turizo, Paulina Vega, Madelyn Cline, entre otros.<\/p>\n<p>En los alrededores del circuito de karting, los invitados disfrutaron una exposicio\u0301n en la que descubrieron los u\u0301ltimos relojes de TAG Heuer Fo\u0301rmula 1 x Red Bull Racing, edicio\u0301n especial y crono\u0301grafos expuestos en vitrinas que emulaban a una bomba de gasolina. Asimismo hubo una exhibicio\u0301n que contaba la historia de la marca y su tradicio\u0301n en los deportes de motor.<\/p>\n<p><img loading=\"lazy\" decoding=\"async\" class=\"alignnone size-large wp-image-2237\" src=\"http:\/\/lookyestilo.com\/wp-content\/uploads\/2022\/07\/BFA_34875_4770455.jpg\" alt=\"\" width=\"660\" height=\"471\" \/> <img loading=\"lazy\" decoding=\"async\" class=\"alignnone size-large wp-image-2238\" src=\"http:\/\/lookyestilo.com\/wp-content\/uploads\/2022\/07\/BFA_34875_4770482.jpg\" alt=\"\" width=\"660\" height=\"528\" \/><\/p>\n<\/div>\n<p><img loading=\"lazy\" decoding=\"async\" class=\"alignnone size-large wp-image-2127\" src=\"http:\/\/lookyestilo.com\/wp-content\/uploads\/2022\/07\/MG_3596-683x1024.jpg\" alt=\"\" width=\"660\" height=\"990\" \/> <img loading=\"lazy\" decoding=\"async\" class=\"alignnone size-large wp-image-2126\" src=\"http:\/\/lookyestilo.com\/wp-content\/uploads\/2022\/07\/MG_3523-1024x683.jpg\" alt=\"\" width=\"660\" height=\"440\" \/><\/p>\n<p><img loading=\"lazy\" decoding=\"async\" class=\"alignnone size-large wp-image-2190\" src=\"http:\/\/lookyestilo.com\/wp-content\/uploads\/2022\/07\/Adrienne-Faurote-Andrew-Mallinger-683x1024.jpg\" alt=\"\" width=\"660\" height=\"990\" \/> <img loading=\"lazy\" decoding=\"async\" class=\"alignnone size-large wp-image-2191\" src=\"http:\/\/lookyestilo.com\/wp-content\/uploads\/2022\/07\/Baruj-Avram-Kailand-Morris-Olaf-Carson-Wee-Paulina-Vega-Madelyn-Cline.jpg\" alt=\"\" width=\"660\" height=\"407\" \/> <img loading=\"lazy\" decoding=\"async\" class=\"alignnone size-large wp-image-2192\" src=\"http:\/\/lookyestilo.com\/wp-content\/uploads\/2022\/07\/Betsy-Alvarez.jpg\" alt=\"\" width=\"660\" height=\"813\" \/> <img loading=\"lazy\" decoding=\"async\" class=\"alignnone size-large wp-image-2194\" src=\"http:\/\/lookyestilo.com\/wp-content\/uploads\/2022\/07\/deportes-2-683x1024.jpg\" alt=\"\" width=\"660\" height=\"990\" \/> <img loading=\"lazy\" decoding=\"async\" class=\"alignnone size-large wp-image-2195\" src=\"http:\/\/lookyestilo.com\/wp-content\/uploads\/2022\/07\/Manuel-Turizo-731x1024.jpg\" alt=\"\" width=\"660\" height=\"925\" \/> <img loading=\"lazy\" decoding=\"async\" class=\"alignnone size-large wp-image-2196\" src=\"http:\/\/lookyestilo.com\/wp-content\/uploads\/2022\/07\/Wide-Angle-Track-Shot-web.jpg\" alt=\"\" width=\"660\" height=\"440\" \/> <img loading=\"lazy\" decoding=\"async\" class=\"alignnone size-large wp-image-2197\" src=\"http:\/\/lookyestilo.com\/wp-content\/uploads\/2022\/07\/BFA_34804_4769489-731x1024.jpg\" alt=\"\" width=\"660\" height=\"925\" \/><\/p>\n<\/div>\n<\/div>\n<\/div>\n<\/div>\n<\/div>\n","protected":false},"excerpt":{"rendered":"EN EL MARCO DEL PASADO MIAMI RACE WEEK, TAG HEUER ORGANIZ\u00d3 UN EVENTO PARA SELLAR SU ALIANZA CON&hellip;\n","protected":false},"author":4,"featured_media":4510,"comment_status":"closed","ping_status":"closed","sticky":false,"template":"","format":"standard","meta":{"csco_singular_sidebar":"","csco_page_header_type":"","csco_page_load_nextpost":"","csco_post_video_location":[],"csco_post_video_url":"","csco_post_video_bg_start_time":0,"csco_post_video_bg_end_time":0,"footnotes":""},"categories":[14],"tags":[],"class_list":{"0":"post-2112","1":"post","2":"type-post","3":"status-publish","4":"format-standard","5":"has-post-thumbnail","7":"category-deportes","8":"cs-entry","9":"cs-video-wrap"},"yoast_head":"<!-- This site is optimized with the Yoast SEO plugin v20.2.1 - https:\/\/yoast.com\/wordpress\/plugins\/seo\/ -->\n<title>TAG HEUER celebr\u00f3 el Gran Premio Miami - Look y Estilo<\/title>\n<meta name=\"robots\" content=\"index, follow, max-snippet:-1, max-image-preview:large, max-video-preview:-1\" \/>\n<link rel=\"canonical\" href=\"http:\/\/lookyestilo.com\/index.php\/2022\/09\/25\/deportes\/\" \/>\n<meta property=\"og:locale\" content=\"en_US\" \/>\n<meta property=\"og:type\" content=\"article\" \/>\n<meta property=\"og:title\" content=\"TAG HEUER celebr\u00f3 el Gran Premio Miami - Look y Estilo\" \/>\n<meta property=\"og:description\" content=\"EN EL MARCO DEL PASADO MIAMI RACE WEEK, TAG HEUER ORGANIZ\u00d3 UN EVENTO PARA SELLAR SU ALIANZA CON&hellip;\" \/>\n<meta property=\"og:url\" content=\"http:\/\/lookyestilo.com\/index.php\/2022\/09\/25\/deportes\/\" \/>\n<meta property=\"og:site_name\" content=\"Look y Estilo\" \/>\n<meta property=\"article:published_time\" content=\"2022-09-25T11:56:04+00:00\" \/>\n<meta property=\"article:modified_time\" content=\"2023-04-15T13:57:41+00:00\" \/>\n<meta property=\"og:image\" content=\"http:\/\/lookyestilo.com\/wp-content\/uploads\/2022\/09\/tag.jpg\" \/>\n\t<meta property=\"og:image:width\" content=\"800\" \/>\n\t<meta property=\"og:image:height\" content=\"571\" \/>\n\t<meta property=\"og:image:type\" content=\"image\/jpeg\" \/>\n<meta name=\"author\" content=\"Anna Infantas\" \/>\n<meta name=\"twitter:card\" content=\"summary_large_image\" \/>\n<meta name=\"twitter:label1\" content=\"Written by\" \/>\n\t<meta name=\"twitter:data1\" content=\"Anna Infantas\" \/>\n\t<meta name=\"twitter:label2\" content=\"Est. reading time\" \/>\n\t<meta name=\"twitter:data2\" content=\"2 minutes\" \/>\n<script type=\"application\/ld+json\" class=\"yoast-schema-graph\">{\"@context\":\"https:\/\/schema.org\",\"@graph\":[{\"@type\":\"WebPage\",\"@id\":\"http:\/\/lookyestilo.com\/index.php\/2022\/09\/25\/deportes\/\",\"url\":\"http:\/\/lookyestilo.com\/index.php\/2022\/09\/25\/deportes\/\",\"name\":\"TAG HEUER celebr\u00f3 el Gran Premio Miami - Look y Estilo\",\"isPartOf\":{\"@id\":\"https:\/\/lookyestilo.com\/#website\"},\"datePublished\":\"2022-09-25T11:56:04+00:00\",\"dateModified\":\"2023-04-15T13:57:41+00:00\",\"author\":{\"@id\":\"https:\/\/lookyestilo.com\/#\/schema\/person\/191d7abd7f36d446702f456d79d88cd9\"},\"breadcrumb\":{\"@id\":\"http:\/\/lookyestilo.com\/index.php\/2022\/09\/25\/deportes\/#breadcrumb\"},\"inLanguage\":\"en-US\",\"potentialAction\":[{\"@type\":\"ReadAction\",\"target\":[\"http:\/\/lookyestilo.com\/index.php\/2022\/09\/25\/deportes\/\"]}]},{\"@type\":\"BreadcrumbList\",\"@id\":\"http:\/\/lookyestilo.com\/index.php\/2022\/09\/25\/deportes\/#breadcrumb\",\"itemListElement\":[{\"@type\":\"ListItem\",\"position\":1,\"name\":\"Home\",\"item\":\"https:\/\/lookyestilo.com\/\"},{\"@type\":\"ListItem\",\"position\":2,\"name\":\"TAG HEUER celebr\u00f3 el Gran Premio Miami\"}]},{\"@type\":\"WebSite\",\"@id\":\"https:\/\/lookyestilo.com\/#website\",\"url\":\"https:\/\/lookyestilo.com\/\",\"name\":\"Look y Estilo\",\"description\":\"Look y Estilo\",\"alternateName\":\"LyE\",\"potentialAction\":[{\"@type\":\"SearchAction\",\"target\":{\"@type\":\"EntryPoint\",\"urlTemplate\":\"https:\/\/lookyestilo.com\/?s={search_term_string}\"},\"query-input\":\"required name=search_term_string\"}],\"inLanguage\":\"en-US\"},{\"@type\":\"Person\",\"@id\":\"https:\/\/lookyestilo.com\/#\/schema\/person\/191d7abd7f36d446702f456d79d88cd9\",\"name\":\"Anna Infantas\",\"image\":{\"@type\":\"ImageObject\",\"inLanguage\":\"en-US\",\"@id\":\"https:\/\/lookyestilo.com\/#\/schema\/person\/image\/\",\"url\":\"https:\/\/secure.gravatar.com\/avatar\/?s=96&d=mm&r=g\",\"contentUrl\":\"https:\/\/secure.gravatar.com\/avatar\/?s=96&d=mm&r=g\",\"caption\":\"Anna Infantas\"},\"url\":\"\"}]}<\/script>\n<!-- \/ Yoast SEO plugin. -->","yoast_head_json":{"title":"TAG HEUER celebr\u00f3 el Gran Premio Miami - Look y Estilo","robots":{"index":"index","follow":"follow","max-snippet":"max-snippet:-1","max-image-preview":"max-image-preview:large","max-video-preview":"max-video-preview:-1"},"canonical":"http:\/\/lookyestilo.com\/index.php\/2022\/09\/25\/deportes\/","og_locale":"en_US","og_type":"article","og_title":"TAG HEUER celebr\u00f3 el Gran Premio Miami - Look y Estilo","og_description":"EN EL MARCO DEL PASADO MIAMI RACE WEEK, TAG HEUER ORGANIZ\u00d3 UN EVENTO PARA SELLAR SU ALIANZA CON&hellip;","og_url":"http:\/\/lookyestilo.com\/index.php\/2022\/09\/25\/deportes\/","og_site_name":"Look y Estilo","article_published_time":"2022-09-25T11:56:04+00:00","article_modified_time":"2023-04-15T13:57:41+00:00","og_image":[{"width":800,"height":571,"url":"http:\/\/lookyestilo.com\/wp-content\/uploads\/2022\/09\/tag.jpg","type":"image\/jpeg"}],"author":"Anna Infantas","twitter_card":"summary_large_image","twitter_misc":{"Written by":"Anna Infantas","Est. reading time":"2 minutes"},"schema":{"@context":"https:\/\/schema.org","@graph":[{"@type":"WebPage","@id":"http:\/\/lookyestilo.com\/index.php\/2022\/09\/25\/deportes\/","url":"http:\/\/lookyestilo.com\/index.php\/2022\/09\/25\/deportes\/","name":"TAG HEUER celebr\u00f3 el Gran Premio Miami - Look y Estilo","isPartOf":{"@id":"https:\/\/lookyestilo.com\/#website"},"datePublished":"2022-09-25T11:56:04+00:00","dateModified":"2023-04-15T13:57:41+00:00","author":{"@id":"https:\/\/lookyestilo.com\/#\/schema\/person\/191d7abd7f36d446702f456d79d88cd9"},"breadcrumb":{"@id":"http:\/\/lookyestilo.com\/index.php\/2022\/09\/25\/deportes\/#breadcrumb"},"inLanguage":"en-US","potentialAction":[{"@type":"ReadAction","target":["http:\/\/lookyestilo.com\/index.php\/2022\/09\/25\/deportes\/"]}]},{"@type":"BreadcrumbList","@id":"http:\/\/lookyestilo.com\/index.php\/2022\/09\/25\/deportes\/#breadcrumb","itemListElement":[{"@type":"ListItem","position":1,"name":"Home","item":"https:\/\/lookyestilo.com\/"},{"@type":"ListItem","position":2,"name":"TAG HEUER celebr\u00f3 el Gran Premio Miami"}]},{"@type":"WebSite","@id":"https:\/\/lookyestilo.com\/#website","url":"https:\/\/lookyestilo.com\/","name":"Look y Estilo","description":"Look y Estilo","alternateName":"LyE","potentialAction":[{"@type":"SearchAction","target":{"@type":"EntryPoint","urlTemplate":"https:\/\/lookyestilo.com\/?s={search_term_string}"},"query-input":"required name=search_term_string"}],"inLanguage":"en-US"},{"@type":"Person","@id":"https:\/\/lookyestilo.com\/#\/schema\/person\/191d7abd7f36d446702f456d79d88cd9","name":"Anna Infantas","image":{"@type":"ImageObject","inLanguage":"en-US","@id":"https:\/\/lookyestilo.com\/#\/schema\/person\/image\/","url":"https:\/\/secure.gravatar.com\/avatar\/?s=96&d=mm&r=g","contentUrl":"https:\/\/secure.gravatar.com\/avatar\/?s=96&d=mm&r=g","caption":"Anna Infantas"},"url":""}]}},"_links":{"self":[{"href":"http:\/\/lookyestilo.com\/index.php\/wp-json\/wp\/v2\/posts\/2112","targetHints":{"allow":["GET"]}}],"collection":[{"href":"http:\/\/lookyestilo.com\/index.php\/wp-json\/wp\/v2\/posts"}],"about":[{"href":"http:\/\/lookyestilo.com\/index.php\/wp-json\/wp\/v2\/types\/post"}],"author":[{"embeddable":true,"href":"http:\/\/lookyestilo.com\/index.php\/wp-json\/wp\/v2\/users\/4"}],"replies":[{"embeddable":true,"href":"http:\/\/lookyestilo.com\/index.php\/wp-json\/wp\/v2\/comments?post=2112"}],"version-history":[{"count":1,"href":"http:\/\/lookyestilo.com\/index.php\/wp-json\/wp\/v2\/posts\/2112\/revisions"}],"predecessor-version":[{"id":4937,"href":"http:\/\/lookyestilo.com\/index.php\/wp-json\/wp\/v2\/posts\/2112\/revisions\/4937"}],"wp:featuredmedia":[{"embeddable":true,"href":"http:\/\/lookyestilo.com\/index.php\/wp-json\/wp\/v2\/media\/4510"}],"wp:attachment":[{"href":"http:\/\/lookyestilo.com\/index.php\/wp-json\/wp\/v2\/media?parent=2112"}],"wp:term":[{"taxonomy":"category","embeddable":true,"href":"http:\/\/lookyestilo.com\/index.php\/wp-json\/wp\/v2\/categories?post=2112"},{"taxonomy":"post_tag","embeddable":true,"href":"http:\/\/lookyestilo.com\/index.php\/wp-json\/wp\/v2\/tags?post=2112"}],"curies":[{"name":"wp","href":"https:\/\/api.w.org\/{rel}","templated":true}]}}